{"id":23978,"date":"2024-05-16T21:46:49","date_gmt":"2024-05-16T21:46:49","guid":{"rendered":"https:\/\/swisspadel.ch\/news\/swiss-padel-an-der-fip-generalversammlung\/"},"modified":"2024-05-16T21:46:49","modified_gmt":"2024-05-16T21:46:49","slug":"swiss-padel-an-der-fip-generalversammlung","status":"publish","type":"news","link":"https:\/\/swisspadel.ch\/es\/news\/swiss-padel-an-der-fip-generalversammlung\/","title":{"rendered":"El p\u00e1del suizo en la Asamblea General de la FIP 2024"},"content":{"rendered":"<p>La Asociaci\u00f3n Suiza de P\u00e1del forma parte de la Federaci\u00f3n Internacional de P\u00e1del (FIP). Estamos encantados de haber asistido a la Asamblea General 2024 en Asunci\u00f3n, Paraguay, donde nos reunimos con los dem\u00e1s miembros de todo el mundo.<\/p>\n<p>Como organizaci\u00f3n coordinadora del deporte del p\u00e1del en Suiza, Swiss Padel se esfuerza por desarrollar el p\u00e1del tanto a nivel nacional como internacional. Estamos entusiasmados con el futuro y confiamos en que juntos conseguiremos grandes cosas.<\/p>\n<p>En la foto (de izquierda a derecha): Rico Jacober (Presidente de Swiss Padel), Anette Lindskog (Vicepresidenta de Swiss Padel), (Luigi Carraro, Presidente de la Federaci\u00f3n Internacional de P\u00e1del)<\/p>\n<figure class=\"wp-block-image size-full\"><img decoding=\"async\" class=\"wp-image-3321\" src=\"https:\/\/dev.suipa.ss-r.ch\/wp-content\/uploads\/2024\/07\/padel_fip_gv_2024.jpg\" alt=\"\"><\/figure>\n","protected":false},"featured_media":23979,"template":"","news-taxonomy":[123],"class_list":["post-23978","news","type-news","status-publish","has-post-thumbnail","hentry","news-taxonomy-asociacion"],"acf":[],"_links":{"self":[{"href":"https:\/\/swisspadel.ch\/es\/wp-json\/wp\/v2\/news\/23978","targetHints":{"allow":["GET"]}}],"collection":[{"href":"https:\/\/swisspadel.ch\/es\/wp-json\/wp\/v2\/news"}],"about":[{"href":"https:\/\/swisspadel.ch\/es\/wp-json\/wp\/v2\/types\/news"}],"wp:featuredmedia":[{"embeddable":true,"href":"https:\/\/swisspadel.ch\/es\/wp-json\/wp\/v2\/media\/23979"}],"wp:attachment":[{"href":"https:\/\/swisspadel.ch\/es\/wp-json\/wp\/v2\/media?parent=23978"}],"wp:term":[{"taxonomy":"news-taxonomy","embeddable":true,"href":"https:\/\/swisspadel.ch\/es\/wp-json\/wp\/v2\/news-taxonomy?post=23978"}],"curies":[{"name":"wp","href":"https:\/\/api.w.org\/{rel}","templated":true}]}}