{"id":23982,"date":"2024-07-12T21:42:16","date_gmt":"2024-07-12T21:42:16","guid":{"rendered":"https:\/\/swisspadel.ch\/news\/swiss-padel-an-der-europameisterschaft-2024\/"},"modified":"2024-07-12T21:42:16","modified_gmt":"2024-07-12T21:42:16","slug":"swiss-padel-an-der-europameisterschaft-2024","status":"publish","type":"news","link":"https:\/\/swisspadel.ch\/es\/news\/swiss-padel-an-der-europameisterschaft-2024\/","title":{"rendered":"P\u00e1del suizo en el Campeonato de Europa &#8217;24"},"content":{"rendered":"<p>El Equipo Suizo de P\u00e1del CUPRA, es decir, los mejores jugadores de Suiza, participar\u00e1 en los Campeonatos Europeos de 2024 en Italia como equipo nacional. Entre el 22 y el 28 de julio, este prestigioso evento reunir\u00e1 a los mejores jugadores de p\u00e1del de toda Europa. \u00a1Deseamos al equipo mucho \u00e9xito y partidos emocionantes! \u00a1Hopp Schwiiz!<\/p>\n<p>Aqu\u00ed puedes encontrar m\u00e1s informaci\u00f3n sobre la Eurocopa de P\u00e1del de finales de julio: <a href=\"https:\/\/www.padelfip.com\/2024\/02\/cagliari-will-host-the-fip-european-padel-championships-2024\/\">https:\/\/www.padelfip.com\/2024\/02\/cagliari-will-host-the-fip-european-padel-championships-2024\/<\/a><\/p>\n<p>Los partidos se retransmiten regularmente en directo en el canal de YouTube de la FIP. Compru\u00e9balo: <a href=\"https:\/\/www.youtube.com\/c\/FIPInternationalPadelFederation\">https:\/\/www.youtube.com\/c\/FIPInternationalPadelFederation<\/a><\/p>\n<p>Y puedes encontrar la informaci\u00f3n m\u00e1s reciente y actualizada sobre el CUPRA Swiss Padel Team en nuestra cuenta de Instagram: <a href=\"https:\/\/www.instagram.com\/swisspadel\/\">https:\/\/www.instagram.com\/swisspadel\/<\/a><\/p>\n<p><img fetchpriority=\"high\" decoding=\"async\" class=\"alignnone size-medium wp-image-15751\" src=\"https:\/\/swisspadel.ch\/wp-content\/uploads\/2024\/07\/EPC2024_Web-1-1024x576.jpg-300x169.webp\" alt=\"\" width=\"300\" height=\"169\" srcset=\"https:\/\/swisspadel.ch\/wp-content\/uploads\/2024\/07\/EPC2024_Web-1-1024x576.jpg-300x169.webp 300w, https:\/\/swisspadel.ch\/wp-content\/uploads\/2024\/07\/EPC2024_Web-1-1024x576.jpg-768x432.webp 768w, https:\/\/swisspadel.ch\/wp-content\/uploads\/2024\/07\/EPC2024_Web-1-1024x576.jpg-600x338.webp 600w, https:\/\/swisspadel.ch\/wp-content\/uploads\/2024\/07\/EPC2024_Web-1-1024x576.jpg.webp 1024w\" sizes=\"(max-width: 300px) 100vw, 300px\" \/><\/p>\n","protected":false},"featured_media":23895,"template":"","news-taxonomy":[125],"class_list":["post-23982","news","type-news","status-publish","has-post-thumbnail","hentry","news-taxonomy-equipo-nacional"],"acf":[],"_links":{"self":[{"href":"https:\/\/swisspadel.ch\/es\/wp-json\/wp\/v2\/news\/23982","targetHints":{"allow":["GET"]}}],"collection":[{"href":"https:\/\/swisspadel.ch\/es\/wp-json\/wp\/v2\/news"}],"about":[{"href":"https:\/\/swisspadel.ch\/es\/wp-json\/wp\/v2\/types\/news"}],"wp:featuredmedia":[{"embeddable":true,"href":"https:\/\/swisspadel.ch\/es\/wp-json\/wp\/v2\/media\/23895"}],"wp:attachment":[{"href":"https:\/\/swisspadel.ch\/es\/wp-json\/wp\/v2\/media?parent=23982"}],"wp:term":[{"taxonomy":"news-taxonomy","embeddable":true,"href":"https:\/\/swisspadel.ch\/es\/wp-json\/wp\/v2\/news-taxonomy?post=23982"}],"curies":[{"name":"wp","href":"https:\/\/api.w.org\/{rel}","templated":true}]}}