{"id":23991,"date":"2024-07-06T21:45:33","date_gmt":"2024-07-06T21:45:33","guid":{"rendered":"https:\/\/swisspadel.ch\/news\/cupra-x-padel\/"},"modified":"2024-07-06T21:45:33","modified_gmt":"2024-07-06T21:45:33","slug":"cupra-x-padel","status":"publish","type":"news","link":"https:\/\/swisspadel.ch\/es\/news\/cupra-x-padel\/","title":{"rendered":"CUPRA x Padel = Gana"},"content":{"rendered":"<p>En Suiza, CUPRA apoya a la Asociaci\u00f3n Suiza de P\u00e1del desde 2023 y patrocina a las selecciones nacionales, el CUPRA Swiss Padel Team, as\u00ed como la competici\u00f3n interclubes CUPRA Swiss Padel Interclubs.<\/p>\n<p>La colaboraci\u00f3n es fant\u00e1stica y esperamos que sigamos juntos muchos a\u00f1os.<\/p>\n<p>M\u00e1s informaci\u00f3n sobre el compromiso de CUPRA en <a href=\"https:\/\/www.cupraofficial.ch\/de\/our-dna\/cupra-padel\">cupraofficial.ch<\/a><\/p>\n<p><img decoding=\"async\" class=\"alignnone size-full wp-image-14624\" src=\"https:\/\/swisspadel.ch\/wp-content\/uploads\/2024\/07\/logo-cupra_black-1.svg\" alt=\"\" width=\"193\" height=\"40\"><\/p>\n","protected":false},"featured_media":23786,"template":"","news-taxonomy":[129],"class_list":["post-23991","news","type-news","status-publish","has-post-thumbnail","hentry","news-taxonomy-socio"],"acf":[],"_links":{"self":[{"href":"https:\/\/swisspadel.ch\/es\/wp-json\/wp\/v2\/news\/23991","targetHints":{"allow":["GET"]}}],"collection":[{"href":"https:\/\/swisspadel.ch\/es\/wp-json\/wp\/v2\/news"}],"about":[{"href":"https:\/\/swisspadel.ch\/es\/wp-json\/wp\/v2\/types\/news"}],"wp:featuredmedia":[{"embeddable":true,"href":"https:\/\/swisspadel.ch\/es\/wp-json\/wp\/v2\/media\/23786"}],"wp:attachment":[{"href":"https:\/\/swisspadel.ch\/es\/wp-json\/wp\/v2\/media?parent=23991"}],"wp:term":[{"taxonomy":"news-taxonomy","embeddable":true,"href":"https:\/\/swisspadel.ch\/es\/wp-json\/wp\/v2\/news-taxonomy?post=23991"}],"curies":[{"name":"wp","href":"https:\/\/api.w.org\/{rel}","templated":true}]}}