{"id":24051,"date":"2025-01-02T13:46:06","date_gmt":"2025-01-02T13:46:06","guid":{"rendered":"https:\/\/swisspadel.ch\/news\/ivan-lopez-munoz-ist-die-neue-nummer-1-der-swiss-padel-rangliste\/"},"modified":"2025-01-02T13:46:06","modified_gmt":"2025-01-02T13:46:06","slug":"ivan-lopez-munoz-ist-die-neue-nummer-1-der-swiss-padel-rangliste","status":"publish","type":"news","link":"https:\/\/swisspadel.ch\/es\/news\/ivan-lopez-munoz-ist-die-neue-nummer-1-der-swiss-padel-rangliste\/","title":{"rendered":"Iv\u00e1n L\u00f3pez Mu\u00f1oz es el nuevo n\u00famero 1 del ranking suizo de p\u00e1del"},"content":{"rendered":"<p class=\"x_p3\">El nuevo a\u00f1o 2025 comienza con un cambio en la cima del <b>ranking suizo de p\u00e1del<\/b>: <b>\u00a1Iv\u00e1n L\u00f3pez Mu\u00f1oz<\/b> es el nuevo n\u00famero 1!<\/p>\n<p class=\"x_p3\">Con un impresionante r\u00e9cord de 8 victorias en 9 torneos de Categor\u00eda 1 disputados en 2024, se asegur\u00f3 el primer puesto. Destaca su triunfo en el <b>Swiss Padel Masters 2024<\/b> en diciembre y su victoria en un torneo de Grand Slam en <b>Bulle<\/b> en noviembre.<\/p>\n<p class=\"x_p3\">\u00a1Enhorabuena a Iv\u00e1n L\u00f3pez Mu\u00f1oz por este gran a\u00f1o!<\/p>\n<p><img fetchpriority=\"high\" decoding=\"async\" class=\"alignnone wp-image-19875 size-large\" src=\"https:\/\/swisspadel.ch\/wp-content\/uploads\/2025\/01\/ILopezM-DdeCastroB-1024x890.jpg\" alt=\"\" width=\"800\" height=\"695\" srcset=\"https:\/\/swisspadel.ch\/wp-content\/uploads\/2025\/01\/ILopezM-DdeCastroB-1024x890.jpg 1024w, https:\/\/swisspadel.ch\/wp-content\/uploads\/2025\/01\/ILopezM-DdeCastroB-300x261.jpg 300w, https:\/\/swisspadel.ch\/wp-content\/uploads\/2025\/01\/ILopezM-DdeCastroB-768x667.jpg 768w, https:\/\/swisspadel.ch\/wp-content\/uploads\/2025\/01\/ILopezM-DdeCastroB-1536x1335.jpg 1536w, https:\/\/swisspadel.ch\/wp-content\/uploads\/2025\/01\/ILopezM-DdeCastroB-600x521.jpg 600w, https:\/\/swisspadel.ch\/wp-content\/uploads\/2025\/01\/ILopezM-DdeCastroB.jpg 2000w\" sizes=\"(max-width: 800px) 100vw, 800px\" \/><\/p>\n<p class=\"x_p3\"><b>Pie de foto:<\/b> Iv\u00e1n L\u00f3pez Mu\u00f1oz (izquierda) tras su victoria en el Masters 2024, que gan\u00f3 junto a Daniel de Castro Bautista.<\/p>\n","protected":false},"featured_media":24053,"template":"","news-taxonomy":[140,139,137,138],"class_list":["post-24051","news","type-news","status-publish","has-post-thumbnail","hentry","news-taxonomy-clasificacion","news-taxonomy-hombres","news-taxonomy-maestros","news-taxonomy-torneos"],"acf":[],"_links":{"self":[{"href":"https:\/\/swisspadel.ch\/es\/wp-json\/wp\/v2\/news\/24051","targetHints":{"allow":["GET"]}}],"collection":[{"href":"https:\/\/swisspadel.ch\/es\/wp-json\/wp\/v2\/news"}],"about":[{"href":"https:\/\/swisspadel.ch\/es\/wp-json\/wp\/v2\/types\/news"}],"wp:featuredmedia":[{"embeddable":true,"href":"https:\/\/swisspadel.ch\/es\/wp-json\/wp\/v2\/media\/24053"}],"wp:attachment":[{"href":"https:\/\/swisspadel.ch\/es\/wp-json\/wp\/v2\/media?parent=24051"}],"wp:term":[{"taxonomy":"news-taxonomy","embeddable":true,"href":"https:\/\/swisspadel.ch\/es\/wp-json\/wp\/v2\/news-taxonomy?post=24051"}],"curies":[{"name":"wp","href":"https:\/\/api.w.org\/{rel}","templated":true}]}}