{"id":24058,"date":"2024-12-18T07:42:50","date_gmt":"2024-12-18T07:42:50","guid":{"rendered":"https:\/\/swisspadel.ch\/news\/die-swiss-padel-masters-2024-ein-sportliches-highlight-in-milandia\/"},"modified":"2024-12-18T07:42:50","modified_gmt":"2024-12-18T07:42:50","slug":"die-swiss-padel-masters-2024-ein-sportliches-highlight-in-milandia","status":"publish","type":"news","link":"https:\/\/swisspadel.ch\/es\/news\/die-swiss-padel-masters-2024-ein-sportliches-highlight-in-milandia\/","title":{"rendered":"El Swiss Padel Masters 2024: un acontecimiento deportivo en Milandia"},"content":{"rendered":"<div>El Swiss Padel Masters 2024 se celebr\u00f3 en el hermoso entorno de <a id=\"OWA3527d770-efb4-a9b8-7e83-9e44919a7c73\" class=\"OWAAutoLink\" href=\"https:\/\/padelta.ch\/\" data-auth=\"NotApplicable\">Padelta Milandia ZH<\/a> y ofreci\u00f3 un torneo espectacular con los mejores jugadores de p\u00e1del del pa\u00eds.<\/div>\n<div><\/div>\n<div>En el torneo femenino, las favoritas Ga\u00eblle y Lucie Rey ganaron el t\u00edtulo con aplomo. Los favoritos Iv\u00e1n L\u00f3pez y Daniel De Castro tambi\u00e9n se impusieron en el torneo masculino. \u00a1Enhorabuena a los dos equipos ganadores!<\/div>\n<div><\/div>\n<div>Las semifinales del torneo femenino fueron especialmente emocionantes. Nadia Acu\u00f1a y Alexandra Alegre, cabezas de serie n\u00famero tres, dieron la sorpresa y derrotaron a las favoritas Karin Hechenberger y Pascale Sidler en un emocionante partido que dur\u00f3 m\u00e1s de 2 horas y 40 minutos.<\/div>\n<div><\/div>\n<div>El Swiss Padel Masters 2024 se caracteriz\u00f3 por sus impresionantes rallies, sus emocionantes partidos y su gran deportividad. Muchas gracias a nuestros socios <a href=\"https:\/\/www.certina.com\/\" target=\"_blank\" rel=\"noopener\">Certina<\/a>, <a href=\"https:\/\/www.babolat.com\/\" target=\"_blank\" rel=\"noopener\">Babolat<\/a>, <a href=\"https:\/\/www.realsport.ch\/\" target=\"_blank\" rel=\"noopener\">RealSport<\/a> y <a href=\"https:\/\/www.padelselect.ch\/\" target=\"_blank\" rel=\"noopener\">Padel Select,<\/a> cuyo apoyo ha hecho posible este evento.<\/div>\n<div><\/div>\n<div><\/div>\n<div><\/div>\n<div id='gallery-1' class='gallery galleryid-24058 gallery-columns-2 gallery-size-large'><figure class='gallery-item'>\n\t\t\t<div class='gallery-icon portrait'>\n\t\t\t\t<a href='https:\/\/swisspadel.ch\/es\/news\/die-swiss-padel-masters-2024-ein-sportliches-highlight-in-milandia\/ivan-lopez-m-daniel-de-castro-b-2\/'><img fetchpriority=\"high\" decoding=\"async\" width=\"769\" height=\"1024\" src=\"https:\/\/swisspadel.ch\/wp-content\/uploads\/2024\/12\/Ivan-Lopez-M.-Daniel-De-Castro-B-769x1024.jpg\" class=\"attachment-large size-large\" alt=\"\" aria-describedby=\"gallery-1-24060\" srcset=\"https:\/\/swisspadel.ch\/wp-content\/uploads\/2024\/12\/Ivan-Lopez-M.-Daniel-De-Castro-B-769x1024.jpg 769w, https:\/\/swisspadel.ch\/wp-content\/uploads\/2024\/12\/Ivan-Lopez-M.-Daniel-De-Castro-B-225x300.jpg 225w, https:\/\/swisspadel.ch\/wp-content\/uploads\/2024\/12\/Ivan-Lopez-M.-Daniel-De-Castro-B-768x1023.jpg 768w, https:\/\/swisspadel.ch\/wp-content\/uploads\/2024\/12\/Ivan-Lopez-M.-Daniel-De-Castro-B-1153x1536.jpg 1153w, https:\/\/swisspadel.ch\/wp-content\/uploads\/2024\/12\/Ivan-Lopez-M.-Daniel-De-Castro-B-600x799.jpg 600w, https:\/\/swisspadel.ch\/wp-content\/uploads\/2024\/12\/Ivan-Lopez-M.-Daniel-De-Castro-B.jpg 1500w\" sizes=\"(max-width: 769px) 100vw, 769px\" \/><\/a>\n\t\t\t<\/div>\n\t\t\t\t<figcaption class='wp-caption-text gallery-caption' id='gallery-1-24060'>\n\t\t\t\tIvan Lopez M. + Daniel De Castro B.\n\t\t\t\t<\/figcaption><\/figure><figure class='gallery-item'>\n\t\t\t<div class='gallery-icon portrait'>\n\t\t\t\t<a href='https:\/\/swisspadel.ch\/es\/news\/die-swiss-padel-masters-2024-ein-sportliches-highlight-in-milandia\/gaelle-lucie-rey-2\/'><img decoding=\"async\" width=\"769\" height=\"1024\" src=\"https:\/\/swisspadel.ch\/wp-content\/uploads\/2024\/12\/Gaelle-Lucie-Rey-769x1024.jpg\" class=\"attachment-large size-large\" alt=\"\" aria-describedby=\"gallery-1-24061\" srcset=\"https:\/\/swisspadel.ch\/wp-content\/uploads\/2024\/12\/Gaelle-Lucie-Rey-769x1024.jpg 769w, https:\/\/swisspadel.ch\/wp-content\/uploads\/2024\/12\/Gaelle-Lucie-Rey-225x300.jpg 225w, https:\/\/swisspadel.ch\/wp-content\/uploads\/2024\/12\/Gaelle-Lucie-Rey-768x1023.jpg 768w, https:\/\/swisspadel.ch\/wp-content\/uploads\/2024\/12\/Gaelle-Lucie-Rey-1153x1536.jpg 1153w, https:\/\/swisspadel.ch\/wp-content\/uploads\/2024\/12\/Gaelle-Lucie-Rey-600x799.jpg 600w, https:\/\/swisspadel.ch\/wp-content\/uploads\/2024\/12\/Gaelle-Lucie-Rey.jpg 1500w\" sizes=\"(max-width: 769px) 100vw, 769px\" \/><\/a>\n\t\t\t<\/div>\n\t\t\t\t<figcaption class='wp-caption-text gallery-caption' id='gallery-1-24061'>\n\t\t\t\tGaelle + Lucie Rey\n\t\t\t\t<\/figcaption><\/figure><figure class='gallery-item'>\n\t\t\t<div class='gallery-icon landscape'>\n\t\t\t\t<a href='https:\/\/swisspadel.ch\/es\/news\/die-swiss-padel-masters-2024-ein-sportliches-highlight-in-milandia\/semi-finalists-women-2\/'><img decoding=\"async\" width=\"800\" height=\"601\" src=\"https:\/\/swisspadel.ch\/wp-content\/uploads\/2024\/12\/Semi-Finalists-Women-1024x769.jpg\" class=\"attachment-large size-large\" alt=\"\" aria-describedby=\"gallery-1-24063\" srcset=\"https:\/\/swisspadel.ch\/wp-content\/uploads\/2024\/12\/Semi-Finalists-Women-1024x769.jpg 1024w, https:\/\/swisspadel.ch\/wp-content\/uploads\/2024\/12\/Semi-Finalists-Women-300x225.jpg 300w, https:\/\/swisspadel.ch\/wp-content\/uploads\/2024\/12\/Semi-Finalists-Women-768x577.jpg 768w, https:\/\/swisspadel.ch\/wp-content\/uploads\/2024\/12\/Semi-Finalists-Women-1536x1153.jpg 1536w, https:\/\/swisspadel.ch\/wp-content\/uploads\/2024\/12\/Semi-Finalists-Women-600x450.jpg 600w, https:\/\/swisspadel.ch\/wp-content\/uploads\/2024\/12\/Semi-Finalists-Women.jpg 1998w\" sizes=\"(max-width: 800px) 100vw, 800px\" \/><\/a>\n\t\t\t<\/div>\n\t\t\t\t<figcaption class='wp-caption-text gallery-caption' id='gallery-1-24063'>\n\t\t\t\tSemi-Finalists Women\n\t\t\t\t<\/figcaption><\/figure><figure class='gallery-item'>\n\t\t\t<div class='gallery-icon landscape'>\n\t\t\t\t<a href='https:\/\/swisspadel.ch\/es\/news\/die-swiss-padel-masters-2024-ein-sportliches-highlight-in-milandia\/semi-finalists-men-2\/'><img loading=\"lazy\" decoding=\"async\" width=\"800\" height=\"601\" src=\"https:\/\/swisspadel.ch\/wp-content\/uploads\/2024\/12\/Semi-Finalists-Men-1024x769.jpg\" class=\"attachment-large size-large\" alt=\"\" aria-describedby=\"gallery-1-24064\" srcset=\"https:\/\/swisspadel.ch\/wp-content\/uploads\/2024\/12\/Semi-Finalists-Men-1024x769.jpg 1024w, https:\/\/swisspadel.ch\/wp-content\/uploads\/2024\/12\/Semi-Finalists-Men-300x225.jpg 300w, https:\/\/swisspadel.ch\/wp-content\/uploads\/2024\/12\/Semi-Finalists-Men-768x577.jpg 768w, https:\/\/swisspadel.ch\/wp-content\/uploads\/2024\/12\/Semi-Finalists-Men-1536x1153.jpg 1536w, https:\/\/swisspadel.ch\/wp-content\/uploads\/2024\/12\/Semi-Finalists-Men-600x450.jpg 600w, https:\/\/swisspadel.ch\/wp-content\/uploads\/2024\/12\/Semi-Finalists-Men.jpg 1998w\" sizes=\"(max-width: 800px) 100vw, 800px\" \/><\/a>\n\t\t\t<\/div>\n\t\t\t\t<figcaption class='wp-caption-text gallery-caption' id='gallery-1-24064'>\n\t\t\t\tSemi-Finalists Men\n\t\t\t\t<\/figcaption><\/figure>\n\t\t<\/div>\n\n<p>&nbsp;<\/p>\n<div><b>Galer\u00eda de im\u00e1genes<\/b><\/div>\n<div><\/div>\n<p>&#8211; <b>Ganadores<\/b>: Ga\u00eblle y Lucie Rey<\/p>\n<p>&#8211; <b>Ganador<\/b>: Iv\u00e1n L\u00f3pez y Daniel De Castro<\/p>\n<p>&#8211; <b>Semifinalistas Domingo por la ma\u00f1ana<\/b>: Todos los semifinalistas de un vistazo: <b>Hombres:<\/b> Iv\u00e1n L\u00f3pez, Daniel De Castro, Kilian Jordan, Philip Orloff, Till Gygax, Flavio Fiori, S\u00e9bastien Romero, Antoine Alexeev, <b>Mujeres:<\/b> Ga\u00eblle Rey, Lucie Rey, Lili Dalla Bona, Ya\u00eblle Etter, Nadia Acu\u00f1a, Pascale Sidler, Karin Hechenberger, Alexandra Alegre<\/p>\n","protected":false},"featured_media":24059,"template":"","news-taxonomy":[137,138],"class_list":["post-24058","news","type-news","status-publish","has-post-thumbnail","hentry","news-taxonomy-maestros","news-taxonomy-torneos"],"acf":[],"_links":{"self":[{"href":"https:\/\/swisspadel.ch\/es\/wp-json\/wp\/v2\/news\/24058","targetHints":{"allow":["GET"]}}],"collection":[{"href":"https:\/\/swisspadel.ch\/es\/wp-json\/wp\/v2\/news"}],"about":[{"href":"https:\/\/swisspadel.ch\/es\/wp-json\/wp\/v2\/types\/news"}],"wp:featuredmedia":[{"embeddable":true,"href":"https:\/\/swisspadel.ch\/es\/wp-json\/wp\/v2\/media\/24059"}],"wp:attachment":[{"href":"https:\/\/swisspadel.ch\/es\/wp-json\/wp\/v2\/media?parent=24058"}],"wp:term":[{"taxonomy":"news-taxonomy","embeddable":true,"href":"https:\/\/swisspadel.ch\/es\/wp-json\/wp\/v2\/news-taxonomy?post=24058"}],"curies":[{"name":"wp","href":"https:\/\/api.w.org\/{rel}","templated":true}]}}