{"id":24066,"date":"2025-02-24T21:55:14","date_gmt":"2025-02-24T21:55:14","guid":{"rendered":"https:\/\/swisspadel.ch\/news\/das-swiss-padel-office-bekommt-zuwachs\/"},"modified":"2025-06-27T07:24:45","modified_gmt":"2025-06-27T07:24:45","slug":"das-swiss-padel-office-bekommt-zuwachs","status":"publish","type":"news","link":"https:\/\/swisspadel.ch\/es\/news\/das-swiss-padel-office-bekommt-zuwachs\/","title":{"rendered":"La Oficina Suiza de P\u00e1del crece"},"content":{"rendered":"<p class=\"p1\"><strong>Bienvenido, Patrick Breval: \u00a1la nueva cara de la Oficina Suiza del P\u00e1del!<\/strong><b><\/b><\/p>\n<p class=\"p3\">Con sus muchos a\u00f1os de experiencia y sus conocimientos ling\u00fc\u00edsticos, Patrick refuerza nuestro equipo y aporta una valiosa experiencia.<\/p>\n<p class=\"p3\">Gracias a su carga de trabajo del 50%, Swiss Padel puede ofrecer ahora un punto de contacto telef\u00f3nico: <span class=\"s1\"><b>078 480 05 98<\/b><\/span> (disponible los lunes y jueves de 9:00 a 13:00).<\/p>\n<p class=\"p3\">Patrick es responsable de las tareas administrativas de la asociaci\u00f3n, es el primer punto de contacto para consultas y, como coordinador de torneos, se ocupa de los eventos en la Suiza german\u00f3fona.<\/p>\n<p class=\"p3\">\u00a1Todo el equipo de Swiss Padel le da una calurosa bienvenida y est\u00e1 deseando trabajar con \u00e9l!<\/p>\n","protected":false},"featured_media":24068,"template":"","news-taxonomy":[],"class_list":["post-24066","news","type-news","status-publish","has-post-thumbnail","hentry"],"acf":[],"_links":{"self":[{"href":"https:\/\/swisspadel.ch\/es\/wp-json\/wp\/v2\/news\/24066","targetHints":{"allow":["GET"]}}],"collection":[{"href":"https:\/\/swisspadel.ch\/es\/wp-json\/wp\/v2\/news"}],"about":[{"href":"https:\/\/swisspadel.ch\/es\/wp-json\/wp\/v2\/types\/news"}],"wp:featuredmedia":[{"embeddable":true,"href":"https:\/\/swisspadel.ch\/es\/wp-json\/wp\/v2\/media\/24068"}],"wp:attachment":[{"href":"https:\/\/swisspadel.ch\/es\/wp-json\/wp\/v2\/media?parent=24066"}],"wp:term":[{"taxonomy":"news-taxonomy","embeddable":true,"href":"https:\/\/swisspadel.ch\/es\/wp-json\/wp\/v2\/news-taxonomy?post=24066"}],"curies":[{"name":"wp","href":"https:\/\/api.w.org\/{rel}","templated":true}]}}