{"id":25650,"date":"2025-10-30T08:00:18","date_gmt":"2025-10-30T08:00:18","guid":{"rendered":"https:\/\/swisspadel.ch\/news\/horizon-your-news-on-whats-shaping-swiss-padel\/"},"modified":"2025-10-30T11:42:27","modified_gmt":"2025-10-30T11:42:27","slug":"horizon-your-news-on-whats-shaping-swiss-padel","status":"publish","type":"news","link":"https:\/\/swisspadel.ch\/es\/news\/horizon-your-news-on-whats-shaping-swiss-padel\/","title":{"rendered":"Horizonte &#8211; Sus noticias sobre la actualidad del p\u00e1del suizo"},"content":{"rendered":"<h3 data-start=\"65\" data-end=\"103\">\u00bfQuieres ser el primero en enterarte de lo que pasa en Swiss Padel?<\/h3>\n<p><a href=\"https:\/\/ebc6febd.sibforms.com\/serve\/MUIFAPMGCgCmCPViYYrMDS_u9Sb4ciF7txWyZypO9y76Qx9sTUnpZ-cYm1GQEPiEOhm69nxgVxQPXWM42FVsQH0PE5sgA4TxiGgV8ecVBgOnJCoWhgn6-80SfIY4liR3lMBGqZVM3cjmJaSZC5idHw4yRsIiq-jSFsiTf2ylnCUxi4e9MUVfj_iLewdX3-c0N68evyVOyzGlszUr?fbclid=PAZXh0bgNhZW0CMTEAAadBNmuJoyf8XbPTQj2C_8_OqW540u7cOl7R_JRdwNX1oNnCgBIItu5MLBsDPg_aem_Kut4EqpZaZXg9n5IWJ8BaQ&amp;brid=o1f2gjD7vjzOLVW_TB35uQ\">Entonces suscr\u00edbase aqu\u00ed a nuestro bolet\u00edn mensual.<\/a><\/p>\n<h3 data-start=\"65\" data-end=\"103\"><\/h3>\n<h3 data-start=\"65\" data-end=\"103\">Nuevos campeones suizos 2025<\/h3>\n<p data-start=\"104\" data-end=\"255\">Un fin de semana lleno de emoci\u00f3n, emoci\u00f3n y gran p\u00e1del.<br data-start=\"164\" data-end=\"167\">Los mejores jugadores de Suiza lucharon por los t\u00edtulos nacionales de 2025.<\/p>\n<p data-start=\"257\" data-end=\"378\"><strong data-start=\"257\" data-end=\"284\">Campeones suizos:<\/strong> Pascale Sidler y Karin Hechenberger<br data-start=\"320\" data-end=\"323\"><strong data-start=\"323\" data-end=\"345\">Campeones de Suiza:<\/strong> Jonas Meinecke y Kilian Jordan<\/p>\n<p data-start=\"257\" data-end=\"378\">\n<h3 data-start=\"385\" data-end=\"435\">Copa del Mundo Juvenil FIP 2025 &#8211; Reus, Espa\u00f1a<\/h3>\n<p data-start=\"436\" data-end=\"844\">La selecci\u00f3n suiza j\u00fanior impresion\u00f3 en la escena internacional.<br data-start=\"505\" data-end=\"508\">Tuvo un buen comienzo con victorias contra Hungr\u00eda en todas las categor\u00edas. A continuaci\u00f3n les esperaban rivales m\u00e1s fuertes: Finlandia y Gran Breta\u00f1a. Mientras que los sub-14 ganaron otro partido, los dem\u00e1s cayeron por la m\u00ednima.<br data-start=\"741\" data-end=\"744\">No obstante, el equipo adquiri\u00f3 una valiosa experiencia y demostr\u00f3 de forma impresionante lo que significa el esp\u00edritu de equipo.  <\/p>\n<p data-start=\"436\" data-end=\"844\">\n<h3 data-start=\"851\" data-end=\"894\">Swiss Olympic &#8211; Un paso m\u00e1s cerca<\/h3>\n<p data-start=\"895\" data-end=\"1139\">Swiss Padel ha recibido la recomendaci\u00f3n oficial del Consejo Ejecutivo de Swiss Olympic, un hito importante en el camino hacia el reconocimiento oficial.<br data-start=\"1052\" data-end=\"1055\">La decisi\u00f3n final la tomar\u00e1 en noviembre el Parlamento Deportivo Ol\u00edmpico Suizo.<\/p>\n<p data-start=\"895\" data-end=\"1139\">\n<h3 data-start=\"1146\" data-end=\"1202\">Incore Padel Cup &#8211; Donde los negocios se unen al deporte<\/h3>\n<p data-start=\"1203\" data-end=\"1484\">En la Incore Padel Cup 2025, los profesionales de las finanzas cambiaron los trajes por las raquetas.<br data-start=\"1280\" data-end=\"1283\">El resultado: un evento que demuestra c\u00f3mo el p\u00e1del fomenta el esp\u00edritu de equipo, la resiliencia y las asociaciones sostenibles.<br data-start=\"1394\" data-end=\"1397\">M\u00e1s que un torneo: un ejemplo de c\u00f3mo el deporte conecta a personas e industrias.<\/p>\n","protected":false},"featured_media":25649,"template":"","news-taxonomy":[158,159,160],"class_list":["post-25650","news","type-news","status-publish","has-post-thumbnail","hentry","news-taxonomy-campeones-de-suiza-2025","news-taxonomy-copa-del-mundo-junior-2025","news-taxonomy-suiza-olimpica"],"acf":[],"_links":{"self":[{"href":"https:\/\/swisspadel.ch\/es\/wp-json\/wp\/v2\/news\/25650","targetHints":{"allow":["GET"]}}],"collection":[{"href":"https:\/\/swisspadel.ch\/es\/wp-json\/wp\/v2\/news"}],"about":[{"href":"https:\/\/swisspadel.ch\/es\/wp-json\/wp\/v2\/types\/news"}],"wp:featuredmedia":[{"embeddable":true,"href":"https:\/\/swisspadel.ch\/es\/wp-json\/wp\/v2\/media\/25649"}],"wp:attachment":[{"href":"https:\/\/swisspadel.ch\/es\/wp-json\/wp\/v2\/media?parent=25650"}],"wp:term":[{"taxonomy":"news-taxonomy","embeddable":true,"href":"https:\/\/swisspadel.ch\/es\/wp-json\/wp\/v2\/news-taxonomy?post=25650"}],"curies":[{"name":"wp","href":"https:\/\/api.w.org\/{rel}","templated":true}]}}