{"id":25910,"date":"2025-11-12T14:14:38","date_gmt":"2025-11-12T14:14:38","guid":{"rendered":"https:\/\/swisspadel.ch\/news\/fip-in-der-finalen-aufnahmephase-in-aims\/"},"modified":"2025-11-12T15:34:31","modified_gmt":"2025-11-12T15:34:31","slug":"fip-in-der-finalen-aufnahmephase-in-aims","status":"publish","type":"news","link":"https:\/\/swisspadel.ch\/es\/news\/fip-in-der-finalen-aufnahmephase-in-aims\/","title":{"rendered":"FIP en la fase final de admisi\u00f3n en AIMS"},"content":{"rendered":"<p>La <strong>Federaci\u00f3n Internacional de P\u00e1del (FIP<\/strong> ) se encuentra en la fase final para convertirse en miembro de <strong data-start=\"94\" data-end=\"156\">la AIMS (Alianza de Miembros Independientes Reconocidos del Deporte)<\/strong>, un paso necesario en el camino hacia el reconocimiento ol\u00edmpico del p\u00e1del.<\/p>\n<p>&nbsp;<\/p>\n<p><a href=\"https:\/\/swisspadel.ch\/wp-content\/uploads\/2025\/11\/FIP_admission_to_AIMS.pdf\"><img fetchpriority=\"high\" decoding=\"async\" class=\"alignnone size-medium wp-image-25918\" src=\"https:\/\/swisspadel.ch\/wp-content\/uploads\/2025\/11\/FIP_admission_to_AIMS-236x300.png\" alt=\"FIP en la fase final de admisi\u00f3n en AIMS\" width=\"236\" height=\"300\" srcset=\"https:\/\/swisspadel.ch\/wp-content\/uploads\/2025\/11\/FIP_admission_to_AIMS-236x300.png 236w, https:\/\/swisspadel.ch\/wp-content\/uploads\/2025\/11\/FIP_admission_to_AIMS-600x762.png 600w, https:\/\/swisspadel.ch\/wp-content\/uploads\/2025\/11\/FIP_admission_to_AIMS.png 628w\" sizes=\"(max-width: 236px) 100vw, 236px\" \/><\/a><\/p>\n<p>&nbsp;<\/p>\n","protected":false},"featured_media":25907,"template":"","news-taxonomy":[183,182],"class_list":["post-25910","news","type-news","status-publish","has-post-thumbnail","hentry","news-taxonomy-aims","news-taxonomy-fip"],"acf":[],"_links":{"self":[{"href":"https:\/\/swisspadel.ch\/es\/wp-json\/wp\/v2\/news\/25910","targetHints":{"allow":["GET"]}}],"collection":[{"href":"https:\/\/swisspadel.ch\/es\/wp-json\/wp\/v2\/news"}],"about":[{"href":"https:\/\/swisspadel.ch\/es\/wp-json\/wp\/v2\/types\/news"}],"wp:featuredmedia":[{"embeddable":true,"href":"https:\/\/swisspadel.ch\/es\/wp-json\/wp\/v2\/media\/25907"}],"wp:attachment":[{"href":"https:\/\/swisspadel.ch\/es\/wp-json\/wp\/v2\/media?parent=25910"}],"wp:term":[{"taxonomy":"news-taxonomy","embeddable":true,"href":"https:\/\/swisspadel.ch\/es\/wp-json\/wp\/v2\/news-taxonomy?post=25910"}],"curies":[{"name":"wp","href":"https:\/\/api.w.org\/{rel}","templated":true}]}}