{"id":26620,"date":"2026-04-01T09:08:24","date_gmt":"2026-04-01T09:08:24","guid":{"rendered":"https:\/\/swisspadel.ch\/news\/fip-junior-euro-padel-cup-2026\/"},"modified":"2026-04-01T09:13:10","modified_gmt":"2026-04-01T09:13:10","slug":"fip-junior-euro-padel-cup-2026","status":"publish","type":"news","link":"https:\/\/swisspadel.ch\/es\/news\/fip-junior-euro-padel-cup-2026\/","title":{"rendered":"FIP JUNIOR EURO PADEL CUP 2026"},"content":{"rendered":"<p class=\"p3\">Ya ha comenzado la inscripci\u00f3n para los Campeonatos de Europa J\u00fanior.<\/p>\n<p>El proceso de inscripci\u00f3n para los Campeonatos de Europa J\u00fanior se present\u00f3 oficialmente el 24 de marzo. <\/p>\n<p class=\"p3\">Suiza participar\u00e1 en los pr\u00f3ximos Campeonatos de Europa. En este contexto, en los pr\u00f3ximos d\u00edas se contactar\u00e1 directamente con los j\u00f3venes seleccionados y se les informar\u00e1 de los pr\u00f3ximos pasos. <\/p>\n<p class=\"p3\">La presentaci\u00f3n marca el inicio de la siguiente fase de preparaci\u00f3n para la competici\u00f3n internacional y ofrece a los j\u00f3venes talentos la oportunidad de competir a escala europea.<\/p>\n","protected":false},"featured_media":26617,"template":"","news-taxonomy":[225],"class_list":["post-26620","news","type-news","status-publish","has-post-thumbnail","hentry","news-taxonomy-europadelcup2026"],"acf":[],"_links":{"self":[{"href":"https:\/\/swisspadel.ch\/es\/wp-json\/wp\/v2\/news\/26620","targetHints":{"allow":["GET"]}}],"collection":[{"href":"https:\/\/swisspadel.ch\/es\/wp-json\/wp\/v2\/news"}],"about":[{"href":"https:\/\/swisspadel.ch\/es\/wp-json\/wp\/v2\/types\/news"}],"wp:featuredmedia":[{"embeddable":true,"href":"https:\/\/swisspadel.ch\/es\/wp-json\/wp\/v2\/media\/26617"}],"wp:attachment":[{"href":"https:\/\/swisspadel.ch\/es\/wp-json\/wp\/v2\/media?parent=26620"}],"wp:term":[{"taxonomy":"news-taxonomy","embeddable":true,"href":"https:\/\/swisspadel.ch\/es\/wp-json\/wp\/v2\/news-taxonomy?post=26620"}],"curies":[{"name":"wp","href":"https:\/\/api.w.org\/{rel}","templated":true}]}}