{"id":26674,"date":"2026-04-21T09:29:54","date_gmt":"2026-04-21T09:29:54","guid":{"rendered":"https:\/\/swisspadel.ch\/news\/swiss-national-championships-juniors-2026\/"},"modified":"2026-04-21T09:29:54","modified_gmt":"2026-04-21T09:29:54","slug":"swiss-national-championships-juniors-2026","status":"publish","type":"news","link":"https:\/\/swisspadel.ch\/es\/news\/swiss-national-championships-juniors-2026\/","title":{"rendered":"Campeonato Nacional Suizo Juvenil 2026"},"content":{"rendered":"<p class=\"font-claude-response-body break-words whitespace-normal leading-[1.7]\">Nos complace anunciar los Campeonatos Nacionales Suizos Juniors 2026, el mayor escenario del p\u00e1del juvenil suizo. Los mejores j\u00f3venes talentos de toda Suiza competir\u00e1n entre s\u00ed por el t\u00edtulo nacional. <\/p>\n<p class=\"font-claude-response-body break-words whitespace-normal leading-[1.7]\">Lugar: Racket City, Derendingen<\/p>\n<p class=\"font-claude-response-body break-words whitespace-normal leading-[1.7]\">Fecha: 31 de octubre &#8211; 1 de noviembre de 2026<\/p>\n<p class=\"font-claude-response-body break-words whitespace-normal leading-[1.7]\">Muchas gracias a nuestros patrocinadores HEAD y Certina Swiss Watches por hacer posible este evento.<\/p>\n<p class=\"font-claude-response-body break-words whitespace-normal leading-[1.7]\">Permanezca atento: en breve recibir\u00e1 m\u00e1s informaci\u00f3n.<\/p>\n","protected":false},"featured_media":26671,"template":"","news-taxonomy":[233,234],"class_list":["post-26674","news","type-news","status-publish","has-post-thumbnail","hentry","news-taxonomy-campeonatos-de-suiza","news-taxonomy-juniors"],"acf":[],"_links":{"self":[{"href":"https:\/\/swisspadel.ch\/es\/wp-json\/wp\/v2\/news\/26674","targetHints":{"allow":["GET"]}}],"collection":[{"href":"https:\/\/swisspadel.ch\/es\/wp-json\/wp\/v2\/news"}],"about":[{"href":"https:\/\/swisspadel.ch\/es\/wp-json\/wp\/v2\/types\/news"}],"wp:featuredmedia":[{"embeddable":true,"href":"https:\/\/swisspadel.ch\/es\/wp-json\/wp\/v2\/media\/26671"}],"wp:attachment":[{"href":"https:\/\/swisspadel.ch\/es\/wp-json\/wp\/v2\/media?parent=26674"}],"wp:term":[{"taxonomy":"news-taxonomy","embeddable":true,"href":"https:\/\/swisspadel.ch\/es\/wp-json\/wp\/v2\/news-taxonomy?post=26674"}],"curies":[{"name":"wp","href":"https:\/\/api.w.org\/{rel}","templated":true}]}}