{"id":19140,"date":"2024-05-16T21:46:49","date_gmt":"2024-05-16T21:46:49","guid":{"rendered":"https:\/\/swisspadel.ch\/news\/swiss-padel-a-lassemblee-generale-de-la-fip-en-2024\/"},"modified":"2024-05-16T21:46:49","modified_gmt":"2024-05-16T21:46:49","slug":"swiss-padel-a-lassemblee-generale-de-la-fip-en-2024","status":"publish","type":"news","link":"https:\/\/swisspadel.ch\/fr\/news\/swiss-padel-a-lassemblee-generale-de-la-fip-en-2024\/","title":{"rendered":"Swiss Padel \u00e0 l&rsquo;Assembl\u00e9e g\u00e9n\u00e9rale de la FIP en 2024"},"content":{"rendered":"<p>La Swiss Padel Association fait partie de l&rsquo;International Padel Federation (FIP). Nous sommes heureux d&rsquo;avoir particip\u00e9 \u00e0 l&rsquo;Assembl\u00e9e g\u00e9n\u00e9rale 2024 \u00e0 Asunci\u00f3n, Paraguay, o\u00f9 nous avons rencontr\u00e9 les autres membres du monde entier. En tant qu&rsquo;association fa\u00eeti\u00e8re du padel en Suisse, Swiss Padel s&rsquo;efforce de d\u00e9velopper le padel \u00e0 la fois au niveau national et international. Nous sommes impatients de voir l&rsquo;avenir et sommes convaincus qu&rsquo;ensemble, nous allons r\u00e9aliser de grandes choses ! Sur la photo (de gauche \u00e0 droite) : Rico Jacober (pr\u00e9sident de Swiss Padel), Anette Lindskog (vice-pr\u00e9sidente de Swiss Padel), (Luigi Carraro, pr\u00e9sident de l&rsquo;International Padel Federation) <\/p>\n<figure class=\"wp-block-image size-full\"><img decoding=\"async\" class=\"wp-image-3321\" src=\"https:\/\/dev.suipa.ss-r.ch\/wp-content\/uploads\/2024\/07\/padel_fip_gv_2024.jpg\" alt=\"\"><\/figure>\n","protected":false},"featured_media":18838,"template":"","news-taxonomy":[89],"class_list":["post-19140","news","type-news","status-publish","has-post-thumbnail","hentry","news-taxonomy-verband-fr"],"acf":[],"_links":{"self":[{"href":"https:\/\/swisspadel.ch\/fr\/wp-json\/wp\/v2\/news\/19140","targetHints":{"allow":["GET"]}}],"collection":[{"href":"https:\/\/swisspadel.ch\/fr\/wp-json\/wp\/v2\/news"}],"about":[{"href":"https:\/\/swisspadel.ch\/fr\/wp-json\/wp\/v2\/types\/news"}],"wp:featuredmedia":[{"embeddable":true,"href":"https:\/\/swisspadel.ch\/fr\/wp-json\/wp\/v2\/media\/18838"}],"wp:attachment":[{"href":"https:\/\/swisspadel.ch\/fr\/wp-json\/wp\/v2\/media?parent=19140"}],"wp:term":[{"taxonomy":"news-taxonomy","embeddable":true,"href":"https:\/\/swisspadel.ch\/fr\/wp-json\/wp\/v2\/news-taxonomy?post=19140"}],"curies":[{"name":"wp","href":"https:\/\/api.w.org\/{rel}","templated":true}]}}