{"id":19143,"date":"2024-11-25T07:24:54","date_gmt":"2024-11-25T07:24:54","guid":{"rendered":"https:\/\/swisspadel.ch\/news\/week-end-reussi-pour-lelite-feminine-suisse-de-padel\/"},"modified":"2024-11-25T07:24:54","modified_gmt":"2024-11-25T07:24:54","slug":"week-end-reussi-pour-lelite-feminine-suisse-de-padel","status":"publish","type":"news","link":"https:\/\/swisspadel.ch\/fr\/news\/week-end-reussi-pour-lelite-feminine-suisse-de-padel\/","title":{"rendered":"Week-end r\u00e9ussi pour l&rsquo;\u00e9lite f\u00e9minine suisse de padel"},"content":{"rendered":"<div>\n<div>\n<div class=\"gmail_quote\">\n<div>\n<div dir=\"ltr\">\n<div dir=\"ltr\">\n<div>\n<div>\n<div>\n<div>\n<div>\n<div>\n<div>Le week-end dernier (du 15 au 17 novembre 2024), nos meilleures joueuses suisses \u00e9taient en d\u00e9placement dans le monde entier et ont r\u00e9alis\u00e9 de belles performances lors de tournois officiels FIP, parfois dans des pays tr\u00e8s \u00e9loign\u00e9s !<\/div>\n<\/div>\n<\/div>\n<\/div>\n<\/div>\n<\/div>\n<\/div>\n<\/div>\n<\/div>\n<\/div>\n<\/div>\n<\/div>\n<\/div>\n<div>\n<div>\n<div class=\"gmail_quote\">\n<div>\n<div dir=\"ltr\">\n<div dir=\"ltr\">\n<div>\n<div>\n<div>\n<div>\n<div>\n<div>\n<p>&#8211; <b>Karin Hechenberger<\/b> a atteint les demi-finales \u00e0 Beau Plan, \u00e0 l&rsquo;\u00eele Maurice. &#8211; <b>Anouk Faure<\/b> a atteint les quarts de finale \u00e0 La Nucia, Espagne. &#8211; <b>Ga\u00eblle Rey<\/b> s&rsquo;est qualifi\u00e9e pour les quarts de finale \u00e0 Manille, Philippines. &#8211; <b>Nadia Acuna Lopez &amp; Alexandra Alegre Ferr\u00e9<\/b> ont atteint ensemble les quarts de finale \u00e0 Beau Plan, \u00e0 l&rsquo;\u00eele Maurice. Karin Hechenberger m\u00e9rite une mention sp\u00e9ciale : gr\u00e2ce \u00e0 ses succ\u00e8s \u00e0 l&rsquo;\u00eele Maurice et \u00e0 sa victoire \u00e0 Duba\u00ef en octobre, elle s&rsquo;est hiss\u00e9e \u00e0 la 152e place du classement mondial du FIP Premier Tour &#8211; <b>BRAVO, Karin !<\/b> Les autres joueuses ont \u00e9galement am\u00e9lior\u00e9 leur classement : &#8211; <b>Anouk Faure<\/b>: 301\u00e8me &#8211; <b>Nadia Acuna Lopez<\/b>: 308\u00e8me &#8211; <b>Alexandra Alegre Ferr\u00e9<\/b>: 308\u00e8me<\/p>\n<\/div>\n<\/div>\n<\/div>\n<\/div>\n<\/div>\n<\/div>\n<\/div>\n<\/div>\n<\/div>\n<\/div>\n<\/div>\n<\/div>\n<div>\n<div>\n<div class=\"gmail_quote\">\n<div>\n<div dir=\"ltr\">\n<div dir=\"ltr\">\n<div>\n<div>\n<div>\n<div>\n<div>\n<div>\n<p>&#8211; <b>Ga\u00eblle Rey<\/b>: 325e place<\/p>\n<div>\n<div>\n<div class=\"gmail_quote\">\n<div>\n<div dir=\"ltr\">\n<div dir=\"ltr\">\n<div>\n<div>\n<div>\n<div>\n<div>\n<div>\n<div><b>F\u00e9licitations \u00e0 toutes les joueuses pour ces magnifiques performances !<\/b><\/div>\n<\/div>\n<\/div>\n<\/div>\n<\/div>\n<\/div>\n<\/div>\n<\/div>\n<\/div>\n<\/div>\n<\/div>\n<\/div>\n<\/div>\n<\/div>\n<\/div>\n<\/div>\n<\/div>\n<\/div>\n<\/div>\n<\/div>\n<\/div>\n<\/div>\n<\/div>\n<\/div>\n<\/div>\n","protected":false},"featured_media":19033,"template":"","news-taxonomy":[90],"class_list":["post-19143","news","type-news","status-publish","has-post-thumbnail","hentry","news-taxonomy-women-fr"],"acf":[],"_links":{"self":[{"href":"https:\/\/swisspadel.ch\/fr\/wp-json\/wp\/v2\/news\/19143","targetHints":{"allow":["GET"]}}],"collection":[{"href":"https:\/\/swisspadel.ch\/fr\/wp-json\/wp\/v2\/news"}],"about":[{"href":"https:\/\/swisspadel.ch\/fr\/wp-json\/wp\/v2\/types\/news"}],"wp:featuredmedia":[{"embeddable":true,"href":"https:\/\/swisspadel.ch\/fr\/wp-json\/wp\/v2\/media\/19033"}],"wp:attachment":[{"href":"https:\/\/swisspadel.ch\/fr\/wp-json\/wp\/v2\/media?parent=19143"}],"wp:term":[{"taxonomy":"news-taxonomy","embeddable":true,"href":"https:\/\/swisspadel.ch\/fr\/wp-json\/wp\/v2\/news-taxonomy?post=19143"}],"curies":[{"name":"wp","href":"https:\/\/api.w.org\/{rel}","templated":true}]}}