{"id":19144,"date":"2024-07-12T21:42:16","date_gmt":"2024-07-12T21:42:16","guid":{"rendered":"https:\/\/swisspadel.ch\/news\/swiss-padel-au-championnat-deurope-24\/"},"modified":"2024-07-12T21:42:16","modified_gmt":"2024-07-12T21:42:16","slug":"swiss-padel-au-championnat-deurope-24","status":"publish","type":"news","link":"https:\/\/swisspadel.ch\/fr\/news\/swiss-padel-au-championnat-deurope-24\/","title":{"rendered":"Swiss Padel au Championnat d&rsquo;Europe &rsquo;24"},"content":{"rendered":"<p>Le CUPRA Swiss Padel Team, c&rsquo;est-\u00e0-dire les meilleurs joueurs de Suisse, participeront en tant qu&rsquo;\u00e9quipe nationale au Championnat d&rsquo;Europe 2024 en Italie. Entre le 22 et le 28 juillet, ce prestigieux \u00e9v\u00e9nement r\u00e9unira les meilleurs joueurs de padel de toute l&rsquo;Europe ! Nous souhaitons \u00e0 l&rsquo;\u00e9quipe beaucoup de succ\u00e8s et des matchs passionnants ! Hop la Suisse ! Vous trouverez ici plus d&rsquo;informations sur l&rsquo;Euro de padel fin juillet (en anglais) <a href=\"https:\/\/www.padelfip.com\/2024\/02\/cagliari-will-host-the-fip-european-padel-championships-2024\/\">: https:\/\/www.padelfip.com\/2024\/02\/cagliari-will-host-the-fip-european-padel-championships-2024\/<\/a> Des matchs seront ensuite r\u00e9guli\u00e8rement diffus\u00e9s en direct sur la cha\u00eene YouTube de la FIP. Check it out <a href=\"https:\/\/www.youtube.com\/c\/FIPInternationalPadelFederation\">: https:\/\/www.youtube.com\/c\/FIPInternationalPadelFederation<\/a> Et sur notre compte Instagram, vous trouverez les informations les plus r\u00e9centes et les plus actuelles concernant le CUPRA Swiss Padel Team <a href=\"https:\/\/www.instagram.com\/swisspadel\/\">: https:\/\/www.instagram.com\/swisspadel\/<\/a>   <\/p>\n<p><img fetchpriority=\"high\" decoding=\"async\" class=\"alignnone size-medium wp-image-15751\" src=\"https:\/\/swisspadel.ch\/wp-content\/uploads\/2024\/07\/EPC2024_Web-1-1024x576.jpg-300x169.webp\" alt=\"\" width=\"300\" height=\"169\" srcset=\"https:\/\/swisspadel.ch\/wp-content\/uploads\/2024\/07\/EPC2024_Web-1-1024x576.jpg-300x169.webp 300w, https:\/\/swisspadel.ch\/wp-content\/uploads\/2024\/07\/EPC2024_Web-1-1024x576.jpg-768x432.webp 768w, https:\/\/swisspadel.ch\/wp-content\/uploads\/2024\/07\/EPC2024_Web-1-1024x576.jpg-600x338.webp 600w, https:\/\/swisspadel.ch\/wp-content\/uploads\/2024\/07\/EPC2024_Web-1-1024x576.jpg.webp 1024w\" sizes=\"(max-width: 300px) 100vw, 300px\" \/><\/p>\n","protected":false},"featured_media":18499,"template":"","news-taxonomy":[87],"class_list":["post-19144","news","type-news","status-publish","has-post-thumbnail","hentry","news-taxonomy-nationalteam-fr"],"acf":[],"_links":{"self":[{"href":"https:\/\/swisspadel.ch\/fr\/wp-json\/wp\/v2\/news\/19144","targetHints":{"allow":["GET"]}}],"collection":[{"href":"https:\/\/swisspadel.ch\/fr\/wp-json\/wp\/v2\/news"}],"about":[{"href":"https:\/\/swisspadel.ch\/fr\/wp-json\/wp\/v2\/types\/news"}],"wp:featuredmedia":[{"embeddable":true,"href":"https:\/\/swisspadel.ch\/fr\/wp-json\/wp\/v2\/media\/18499"}],"wp:attachment":[{"href":"https:\/\/swisspadel.ch\/fr\/wp-json\/wp\/v2\/media?parent=19144"}],"wp:term":[{"taxonomy":"news-taxonomy","embeddable":true,"href":"https:\/\/swisspadel.ch\/fr\/wp-json\/wp\/v2\/news-taxonomy?post=19144"}],"curies":[{"name":"wp","href":"https:\/\/api.w.org\/{rel}","templated":true}]}}