{"id":19146,"date":"2024-08-30T12:52:42","date_gmt":"2024-08-30T12:52:42","guid":{"rendered":"https:\/\/swisspadel.ch\/news\/swiss-padel-aux-fip-juniors-european-padel-championships-a-budapest\/"},"modified":"2024-08-30T12:52:42","modified_gmt":"2024-08-30T12:52:42","slug":"swiss-padel-aux-fip-juniors-european-padel-championships-a-budapest","status":"publish","type":"news","link":"https:\/\/swisspadel.ch\/fr\/news\/swiss-padel-aux-fip-juniors-european-padel-championships-a-budapest\/","title":{"rendered":"Swiss Padel aux FIP Juniors European Padel Championships \u00e0 Budapest"},"content":{"rendered":"<p>Nous emmenons nos plus grands talents avec nous ! Regardez la vid\u00e9o ci-dessous pour voir qui sera l\u00e0. <\/p>\n<div style=\"width: 480px;\" class=\"wp-video\"><video class=\"wp-video-shortcode\" id=\"video-19146-1\" width=\"480\" height=\"480\" preload=\"metadata\" controls=\"controls\"><source type=\"video\/mp4\" src=\"https:\/\/swisspadel.ch\/wp-content\/uploads\/2024\/08\/VID-20240829-WA0010.mp4?_=1\" \/><a href=\"https:\/\/swisspadel.ch\/wp-content\/uploads\/2024\/08\/VID-20240829-WA0010.mp4\">https:\/\/swisspadel.ch\/wp-content\/uploads\/2024\/08\/VID-20240829-WA0010.mp4<\/a><\/video><\/div>\n<p>Pour plus d&rsquo;informations, rendez-vous sur <a href=\"https:\/\/www.padelfip.com\/events\/fip-juniors-european-padel-championships-by-teams\/\">https:\/\/www.padelfip.com\/events\/fip-juniors-european-padel-championships-by-teams\/<\/a>.<\/p>\n","protected":false},"featured_media":18895,"template":"","news-taxonomy":[],"class_list":["post-19146","news","type-news","status-publish","has-post-thumbnail","hentry"],"acf":[],"_links":{"self":[{"href":"https:\/\/swisspadel.ch\/fr\/wp-json\/wp\/v2\/news\/19146","targetHints":{"allow":["GET"]}}],"collection":[{"href":"https:\/\/swisspadel.ch\/fr\/wp-json\/wp\/v2\/news"}],"about":[{"href":"https:\/\/swisspadel.ch\/fr\/wp-json\/wp\/v2\/types\/news"}],"wp:featuredmedia":[{"embeddable":true,"href":"https:\/\/swisspadel.ch\/fr\/wp-json\/wp\/v2\/media\/18895"}],"wp:attachment":[{"href":"https:\/\/swisspadel.ch\/fr\/wp-json\/wp\/v2\/media?parent=19146"}],"wp:term":[{"taxonomy":"news-taxonomy","embeddable":true,"href":"https:\/\/swisspadel.ch\/fr\/wp-json\/wp\/v2\/news-taxonomy?post=19146"}],"curies":[{"name":"wp","href":"https:\/\/api.w.org\/{rel}","templated":true}]}}