{"id":19877,"date":"2024-12-18T07:42:50","date_gmt":"2024-12-18T07:42:50","guid":{"rendered":"https:\/\/swisspadel.ch\/news\/die-swiss-padel-masters-2024-ein-sportliches-highlight-in-milandia\/"},"modified":"2025-01-02T13:44:36","modified_gmt":"2025-01-02T13:44:36","slug":"les-swiss-padel-masters-2024-un-highlight-sportif-in-milandia","status":"publish","type":"news","link":"https:\/\/swisspadel.ch\/fr\/news\/les-swiss-padel-masters-2024-un-highlight-sportif-in-milandia\/","title":{"rendered":"Les Swiss Padel Masters 2024 : un \u00e9v\u00e9nement sportif majeur \u00e0 Milandia"},"content":{"rendered":"<div>Les Swiss Padel Masters 2024 se sont d\u00e9roul\u00e9s dans le magnifique cadre de <a id=\"OWA3527d770-efb4-a9b8-7e83-9e44919a7c73\" class=\"OWAAutoLink\" href=\"https:\/\/padelta.ch\/\" data-auth=\"NotApplicable\">Padelta Milandia ZH<\/a> et ont offert un tournoi spectaculaire avec les meilleurs joueurs de padel du pays.<\/div>\n<div><\/div>\n<div>Dans le tournoi f\u00e9minin, les favorites Ga\u00eblle et Lucie Rey ont remport\u00e9 le titre haut la main. Dans le tournoi masculin, les favoris Ivan Lopez et Daniel De Castro se sont \u00e9galement impos\u00e9s. Toutes nos f\u00e9licitations aux deux \u00e9quipes gagnantes !<\/div>\n<div><\/div>\n<div>La demi-finale du tournoi f\u00e9minin a \u00e9t\u00e9 particuli\u00e8rement passionnante. Le duo Nadia Acuna et Alexandra Alegre, t\u00eate de s\u00e9rie n\u00b03, a cr\u00e9\u00e9 la surprise en battant l&rsquo;\u00e9quipe favorite Karin Hechenberger et Pascale Sidler dans un match \u00e0 haute tension qui a dur\u00e9 plus de 2 heures et 40 minutes.<\/div>\n<div><\/div>\n<div>Les Swiss Padel Masters 2024 ont \u00e9t\u00e9 marqu\u00e9s par des \u00e9changes de balles impressionnants, des matchs passionnants et un grand fair-play sportif. Un grand merci \u00e0 nos partenaires <a href=\"https:\/\/www.certina.com\/\" target=\"_blank\" rel=\"noopener\">Certina<\/a>, <a href=\"https:\/\/www.babolat.com\/\" target=\"_blank\" rel=\"noopener\">Babolat<\/a>, <a href=\"https:\/\/www.realsport.ch\/\" target=\"_blank\" rel=\"noopener\">RealSport<\/a> et <a href=\"https:\/\/www.padelselect.ch\/\" target=\"_blank\" rel=\"noopener\">Padel Select,<\/a> dont le soutien a rendu cet \u00e9v\u00e9nement possible.<\/div>\n<div><\/div>\n<div><\/div>\n<div><\/div>\n<div id='gallery-1' class='gallery galleryid-19877 gallery-columns-2 gallery-size-large'><figure class='gallery-item'>\n\t\t\t<div class='gallery-icon portrait'>\n\t\t\t\t<a href='https:\/\/swisspadel.ch\/fr\/news\/les-swiss-padel-masters-2024-un-highlight-sportif-in-milandia\/ivan-lopez-m-daniel-de-castro-b-2\/'><img fetchpriority=\"high\" decoding=\"async\" width=\"769\" height=\"1024\" src=\"https:\/\/swisspadel.ch\/wp-content\/uploads\/2024\/12\/Ivan-Lopez-M.-Daniel-De-Castro-B-769x1024.jpg\" class=\"attachment-large size-large\" alt=\"\" aria-describedby=\"gallery-1-19795\" srcset=\"https:\/\/swisspadel.ch\/wp-content\/uploads\/2024\/12\/Ivan-Lopez-M.-Daniel-De-Castro-B-769x1024.jpg 769w, https:\/\/swisspadel.ch\/wp-content\/uploads\/2024\/12\/Ivan-Lopez-M.-Daniel-De-Castro-B-225x300.jpg 225w, https:\/\/swisspadel.ch\/wp-content\/uploads\/2024\/12\/Ivan-Lopez-M.-Daniel-De-Castro-B-768x1023.jpg 768w, https:\/\/swisspadel.ch\/wp-content\/uploads\/2024\/12\/Ivan-Lopez-M.-Daniel-De-Castro-B-1153x1536.jpg 1153w, https:\/\/swisspadel.ch\/wp-content\/uploads\/2024\/12\/Ivan-Lopez-M.-Daniel-De-Castro-B-600x799.jpg 600w, https:\/\/swisspadel.ch\/wp-content\/uploads\/2024\/12\/Ivan-Lopez-M.-Daniel-De-Castro-B.jpg 1500w\" sizes=\"(max-width: 769px) 100vw, 769px\" \/><\/a>\n\t\t\t<\/div>\n\t\t\t\t<figcaption class='wp-caption-text gallery-caption' id='gallery-1-19795'>\n\t\t\t\tIvan Lopez M. + Daniel De Castro B.\n\t\t\t\t<\/figcaption><\/figure><figure class='gallery-item'>\n\t\t\t<div class='gallery-icon portrait'>\n\t\t\t\t<a href='https:\/\/swisspadel.ch\/fr\/news\/les-swiss-padel-masters-2024-un-highlight-sportif-in-milandia\/gaelle-lucie-rey-2\/'><img decoding=\"async\" width=\"769\" height=\"1024\" src=\"https:\/\/swisspadel.ch\/wp-content\/uploads\/2024\/12\/Gaelle-Lucie-Rey-769x1024.jpg\" class=\"attachment-large size-large\" alt=\"\" aria-describedby=\"gallery-1-19797\" srcset=\"https:\/\/swisspadel.ch\/wp-content\/uploads\/2024\/12\/Gaelle-Lucie-Rey-769x1024.jpg 769w, https:\/\/swisspadel.ch\/wp-content\/uploads\/2024\/12\/Gaelle-Lucie-Rey-225x300.jpg 225w, https:\/\/swisspadel.ch\/wp-content\/uploads\/2024\/12\/Gaelle-Lucie-Rey-768x1023.jpg 768w, https:\/\/swisspadel.ch\/wp-content\/uploads\/2024\/12\/Gaelle-Lucie-Rey-1153x1536.jpg 1153w, https:\/\/swisspadel.ch\/wp-content\/uploads\/2024\/12\/Gaelle-Lucie-Rey-600x799.jpg 600w, https:\/\/swisspadel.ch\/wp-content\/uploads\/2024\/12\/Gaelle-Lucie-Rey.jpg 1500w\" sizes=\"(max-width: 769px) 100vw, 769px\" \/><\/a>\n\t\t\t<\/div>\n\t\t\t\t<figcaption class='wp-caption-text gallery-caption' id='gallery-1-19797'>\n\t\t\t\tGaelle + Lucie Rey\n\t\t\t\t<\/figcaption><\/figure><figure class='gallery-item'>\n\t\t\t<div class='gallery-icon landscape'>\n\t\t\t\t<a href='https:\/\/swisspadel.ch\/fr\/news\/les-swiss-padel-masters-2024-un-highlight-sportif-in-milandia\/semi-finalists-women-2\/'><img decoding=\"async\" width=\"800\" height=\"601\" src=\"https:\/\/swisspadel.ch\/wp-content\/uploads\/2024\/12\/Semi-Finalists-Women-1024x769.jpg\" class=\"attachment-large size-large\" alt=\"\" aria-describedby=\"gallery-1-19799\" srcset=\"https:\/\/swisspadel.ch\/wp-content\/uploads\/2024\/12\/Semi-Finalists-Women-1024x769.jpg 1024w, https:\/\/swisspadel.ch\/wp-content\/uploads\/2024\/12\/Semi-Finalists-Women-300x225.jpg 300w, https:\/\/swisspadel.ch\/wp-content\/uploads\/2024\/12\/Semi-Finalists-Women-768x577.jpg 768w, https:\/\/swisspadel.ch\/wp-content\/uploads\/2024\/12\/Semi-Finalists-Women-1536x1153.jpg 1536w, https:\/\/swisspadel.ch\/wp-content\/uploads\/2024\/12\/Semi-Finalists-Women-600x450.jpg 600w, https:\/\/swisspadel.ch\/wp-content\/uploads\/2024\/12\/Semi-Finalists-Women.jpg 1998w\" sizes=\"(max-width: 800px) 100vw, 800px\" \/><\/a>\n\t\t\t<\/div>\n\t\t\t\t<figcaption class='wp-caption-text gallery-caption' id='gallery-1-19799'>\n\t\t\t\tSemi-Finalists Women\n\t\t\t\t<\/figcaption><\/figure><figure class='gallery-item'>\n\t\t\t<div class='gallery-icon landscape'>\n\t\t\t\t<a href='https:\/\/swisspadel.ch\/fr\/news\/les-swiss-padel-masters-2024-un-highlight-sportif-in-milandia\/semi-finalists-men-2\/'><img loading=\"lazy\" decoding=\"async\" width=\"800\" height=\"601\" src=\"https:\/\/swisspadel.ch\/wp-content\/uploads\/2024\/12\/Semi-Finalists-Men-1024x769.jpg\" class=\"attachment-large size-large\" alt=\"\" aria-describedby=\"gallery-1-19801\" srcset=\"https:\/\/swisspadel.ch\/wp-content\/uploads\/2024\/12\/Semi-Finalists-Men-1024x769.jpg 1024w, https:\/\/swisspadel.ch\/wp-content\/uploads\/2024\/12\/Semi-Finalists-Men-300x225.jpg 300w, https:\/\/swisspadel.ch\/wp-content\/uploads\/2024\/12\/Semi-Finalists-Men-768x577.jpg 768w, https:\/\/swisspadel.ch\/wp-content\/uploads\/2024\/12\/Semi-Finalists-Men-1536x1153.jpg 1536w, https:\/\/swisspadel.ch\/wp-content\/uploads\/2024\/12\/Semi-Finalists-Men-600x450.jpg 600w, https:\/\/swisspadel.ch\/wp-content\/uploads\/2024\/12\/Semi-Finalists-Men.jpg 1998w\" sizes=\"(max-width: 800px) 100vw, 800px\" \/><\/a>\n\t\t\t<\/div>\n\t\t\t\t<figcaption class='wp-caption-text gallery-caption' id='gallery-1-19801'>\n\t\t\t\tSemi-Finalists Men\n\t\t\t\t<\/figcaption><\/figure>\n\t\t<\/div>\n\n<p>&nbsp;<\/p>\n<div><b>Galerie d&rsquo;images<\/b><\/div>\n<div><\/div>\n<p>&#8211; <b>Vainqueurs de la comp\u00e9tition<\/b>: Ga\u00eblle et Lucie Rey<\/p>\n<p>&#8211; <b>Vainqueurs<\/b>: Ivan Lopez &amp; Daniel De Castro<\/p>\n<p>&#8211; <b>Demi-finalistes dimanche matin<\/b>: tous les demi-finalistes en un coup d&rsquo;\u0153il : <b>Hommes :<\/b> Ivan Lopez, Daniel De Castro, Kilian Jordan, Philip Orloff, Till Gygax, Flavio Fiori, S\u00e9bastien Romero, Antoine Alexeev, <b>Dames :<\/b> Ga\u00eblle Rey, Lucie Rey, Lili Dalla Bona, Ya\u00eblle Etter, Nadia Acuna, Pascale Sidler, Karin Hechenberger, Alexandra Alegre<\/p>\n","protected":false},"featured_media":19793,"template":"","news-taxonomy":[100,101],"class_list":["post-19877","news","type-news","status-publish","has-post-thumbnail","hentry","news-taxonomy-masters-fr","news-taxonomy-tournois"],"acf":[],"_links":{"self":[{"href":"https:\/\/swisspadel.ch\/fr\/wp-json\/wp\/v2\/news\/19877","targetHints":{"allow":["GET"]}}],"collection":[{"href":"https:\/\/swisspadel.ch\/fr\/wp-json\/wp\/v2\/news"}],"about":[{"href":"https:\/\/swisspadel.ch\/fr\/wp-json\/wp\/v2\/types\/news"}],"wp:featuredmedia":[{"embeddable":true,"href":"https:\/\/swisspadel.ch\/fr\/wp-json\/wp\/v2\/media\/19793"}],"wp:attachment":[{"href":"https:\/\/swisspadel.ch\/fr\/wp-json\/wp\/v2\/media?parent=19877"}],"wp:term":[{"taxonomy":"news-taxonomy","embeddable":true,"href":"https:\/\/swisspadel.ch\/fr\/wp-json\/wp\/v2\/news-taxonomy?post=19877"}],"curies":[{"name":"wp","href":"https:\/\/api.w.org\/{rel}","templated":true}]}}