{"id":20687,"date":"2025-02-24T21:55:14","date_gmt":"2025-02-24T21:55:14","guid":{"rendered":"https:\/\/swisspadel.ch\/news\/das-swiss-padel-office-bekommt-zuwachs\/"},"modified":"2025-06-27T07:20:56","modified_gmt":"2025-06-27T07:20:56","slug":"das-swiss-padel-office-bekommt-zuwachs","status":"publish","type":"news","link":"https:\/\/swisspadel.ch\/fr\/news\/das-swiss-padel-office-bekommt-zuwachs\/","title":{"rendered":"Le Swiss Padel Office s&rsquo;agrandit"},"content":{"rendered":"<p class=\"p1\"><strong>Bienvenue \u00e0 Patrick Breval &#8211; le nouveau visage du Swiss Padel Office !<\/strong><b><\/b><\/p>\n<p class=\"p3\">Gr\u00e2ce \u00e0 sa longue exp\u00e9rience et \u00e0 ses comp\u00e9tences linguistiques, Patrick renforce notre \u00e9quipe et apporte des comp\u00e9tences pr\u00e9cieuses.<\/p>\n<p class=\"p3\">Gr\u00e2ce \u00e0 son emploi \u00e0 50%, Swiss Padel peut d\u00e9sormais proposer un service d&rsquo;assistance t\u00e9l\u00e9phonique : <span class=\"s1\"><b>078 480 05 98<\/b><\/span> (joignable le lundi et le jeudi de 9h00 \u00e0 13h00).<\/p>\n<p class=\"p3\">Patrick se charge des t\u00e2ches administratives de l&rsquo;association, est le premier contact pour les demandes et s&rsquo;occupe des \u00e9v\u00e9nements en Suisse allemande en tant que coordinateur de tournois.<\/p>\n<p class=\"p3\">Toute l&rsquo;\u00e9quipe de Swiss Padel lui souhaite la bienvenue et se r\u00e9jouit de cette collaboration !<\/p>\n","protected":false},"featured_media":20686,"template":"","news-taxonomy":[],"class_list":["post-20687","news","type-news","status-publish","has-post-thumbnail","hentry"],"acf":[],"_links":{"self":[{"href":"https:\/\/swisspadel.ch\/fr\/wp-json\/wp\/v2\/news\/20687","targetHints":{"allow":["GET"]}}],"collection":[{"href":"https:\/\/swisspadel.ch\/fr\/wp-json\/wp\/v2\/news"}],"about":[{"href":"https:\/\/swisspadel.ch\/fr\/wp-json\/wp\/v2\/types\/news"}],"wp:featuredmedia":[{"embeddable":true,"href":"https:\/\/swisspadel.ch\/fr\/wp-json\/wp\/v2\/media\/20686"}],"wp:attachment":[{"href":"https:\/\/swisspadel.ch\/fr\/wp-json\/wp\/v2\/media?parent=20687"}],"wp:term":[{"taxonomy":"news-taxonomy","embeddable":true,"href":"https:\/\/swisspadel.ch\/fr\/wp-json\/wp\/v2\/news-taxonomy?post=20687"}],"curies":[{"name":"wp","href":"https:\/\/api.w.org\/{rel}","templated":true}]}}