{"id":25652,"date":"2025-10-30T08:00:18","date_gmt":"2025-10-30T08:00:18","guid":{"rendered":"https:\/\/swisspadel.ch\/news\/horizon-your-news-on-whats-shaping-swiss-padel\/"},"modified":"2025-10-30T11:42:28","modified_gmt":"2025-10-30T11:42:28","slug":"horizon-your-news-on-whats-shaping-swiss-padel","status":"publish","type":"news","link":"https:\/\/swisspadel.ch\/fr\/news\/horizon-your-news-on-whats-shaping-swiss-padel\/","title":{"rendered":"Horizon &#8211; Vos nouvelles sur ce qui se passe dans le monde du padel suisse"},"content":{"rendered":"<h3 data-start=\"65\" data-end=\"103\">Tu veux \u00eatre le premier \u00e0 savoir ce qui se passe chez Swiss Padel ?<\/h3>\n<p><a href=\"https:\/\/ebc6febd.sibforms.com\/serve\/MUIFAPMGCgCmCPViYYrMDS_u9Sb4ciF7txWyZypO9y76Qx9sTUnpZ-cYm1GQEPiEOhm69nxgVxQPXWM42FVsQH0PE5sgA4TxiGgV8ecVBgOnJCoWhgn6-80SfIY4liR3lMBGqZVM3cjmJaSZC5idHw4yRsIiq-jSFsiTf2ylnCUxi4e9MUVfj_iLewdX3-c0N68evyVOyzGlszUr?fbclid=PAZXh0bgNhZW0CMTEAAadBNmuJoyf8XbPTQj2C_8_OqW540u7cOl7R_JRdwNX1oNnCgBIItu5MLBsDPg_aem_Kut4EqpZaZXg9n5IWJ8BaQ&amp;brid=o1f2gjD7vjzOLVW_TB35uQ\">Alors inscris-toi ici \u00e0 notre newsletter mensuelle !<\/a><\/p>\n<h3 data-start=\"65\" data-end=\"103\"><\/h3>\n<h3 data-start=\"65\" data-end=\"103\">Nouveaux champions suisses 2025<\/h3>\n<p data-start=\"104\" data-end=\"255\">Un week-end plein de suspense, d&rsquo;\u00e9motions et de padel grandiose.<br data-start=\"164\" data-end=\"167\">Les meilleurs joueurs et joueuses de Suisse se sont affront\u00e9s pour les titres nationaux 2025.<\/p>\n<p data-start=\"257\" data-end=\"378\"><strong data-start=\"257\" data-end=\"284\">Championnes suisses :<\/strong> Pascale Sidler &amp; Karin Hechenberger<br data-start=\"320\" data-end=\"323\"><strong data-start=\"323\" data-end=\"345\">Champions suisses :<\/strong> Jonas Meinecke &amp; Kilian Jordan<\/p>\n<p data-start=\"257\" data-end=\"378\">\n<h3 data-start=\"385\" data-end=\"435\">Coupe du monde junior FIP 2025 &#8211; Reus, Espagne<\/h3>\n<p data-start=\"436\" data-end=\"844\">L&rsquo;\u00e9quipe suisse junior a convaincu sur la sc\u00e8ne internationale.<br data-start=\"505\" data-end=\"508\">Le coup d&rsquo;envoi a \u00e9t\u00e9 donn\u00e9 avec des victoires contre la Hongrie dans toutes les cat\u00e9gories. Ensuite, des adversaires plus forts les attendaient : la Finlande et la Grande-Bretagne. Alors que les M14 ont pu remporter un autre match, les autres ont \u00e9t\u00e9 perdus de justesse.<br data-start=\"741\" data-end=\"744\">Malgr\u00e9 tout, l&rsquo;\u00e9quipe a acquis une exp\u00e9rience pr\u00e9cieuse et a d\u00e9montr\u00e9 de mani\u00e8re impressionnante ce que signifie la coh\u00e9sion.  <\/p>\n<p data-start=\"436\" data-end=\"844\">\n<h3 data-start=\"851\" data-end=\"894\">Swiss Olympic &#8211; Un pas en avant<\/h3>\n<p data-start=\"895\" data-end=\"1139\">Swiss Padel a re\u00e7u la recommandation officielle du Conseil ex\u00e9cutif de Swiss Olympic &#8211; une \u00e9tape importante sur la voie de la reconnaissance officielle.<br data-start=\"1052\" data-end=\"1055\">La d\u00e9cision finale sera prise en novembre par le Parlement du sport de Swiss Olympic.<\/p>\n<p data-start=\"895\" data-end=\"1139\">\n<h3 data-start=\"1146\" data-end=\"1202\">Incore Padel Cup &#8211; Quand le business rencontre le sport<\/h3>\n<p data-start=\"1203\" data-end=\"1484\">Lors de l&rsquo;Incore Padel Cup 2025, des professionnels de la finance ont \u00e9chang\u00e9 leurs combinaisons contre des raquettes.<br data-start=\"1280\" data-end=\"1283\">Le r\u00e9sultat : un \u00e9v\u00e9nement qui montre comment le padel favorise l&rsquo;esprit d&rsquo;\u00e9quipe, la r\u00e9silience et les partenariats durables.<br data-start=\"1394\" data-end=\"1397\">Plus qu&rsquo;un tournoi, un exemple de la mani\u00e8re dont le sport relie les personnes et les secteurs.<\/p>\n","protected":false},"featured_media":25647,"template":"","news-taxonomy":[165,164,166],"class_list":["post-25652","news","type-news","status-publish","has-post-thumbnail","hentry","news-taxonomy-coupe-du-monde-junior-2025","news-taxonomy-les-champions-suisses-en-2025","news-taxonomy-swiss-olympic"],"acf":[],"_links":{"self":[{"href":"https:\/\/swisspadel.ch\/fr\/wp-json\/wp\/v2\/news\/25652","targetHints":{"allow":["GET"]}}],"collection":[{"href":"https:\/\/swisspadel.ch\/fr\/wp-json\/wp\/v2\/news"}],"about":[{"href":"https:\/\/swisspadel.ch\/fr\/wp-json\/wp\/v2\/types\/news"}],"wp:featuredmedia":[{"embeddable":true,"href":"https:\/\/swisspadel.ch\/fr\/wp-json\/wp\/v2\/media\/25647"}],"wp:attachment":[{"href":"https:\/\/swisspadel.ch\/fr\/wp-json\/wp\/v2\/media?parent=25652"}],"wp:term":[{"taxonomy":"news-taxonomy","embeddable":true,"href":"https:\/\/swisspadel.ch\/fr\/wp-json\/wp\/v2\/news-taxonomy?post=25652"}],"curies":[{"name":"wp","href":"https:\/\/api.w.org\/{rel}","templated":true}]}}