{"id":26619,"date":"2026-04-01T09:08:24","date_gmt":"2026-04-01T09:08:24","guid":{"rendered":"https:\/\/swisspadel.ch\/news\/fip-junior-euro-padel-cup-2026\/"},"modified":"2026-04-01T09:08:24","modified_gmt":"2026-04-01T09:08:24","slug":"fip-junior-euro-padel-cup-2026","status":"publish","type":"news","link":"https:\/\/swisspadel.ch\/fr\/news\/fip-junior-euro-padel-cup-2026\/","title":{"rendered":"FIP JUNIOR EURO PADEL CUP 2026"},"content":{"rendered":"<p class=\"p3\">L&rsquo;inscription aux Championnats d&rsquo;Europe juniors est lanc\u00e9e.<\/p>\n<p>Le 24 mars, le processus d&rsquo;enregistrement pour les Championnats d&rsquo;Europe juniors a \u00e9t\u00e9 officiellement d\u00e9pos\u00e9. <\/p>\n<p class=\"p3\">La Suisse participera aux prochains championnats d&rsquo;Europe. Dans ce contexte, des juniors s\u00e9lectionn\u00e9s seront contact\u00e9s directement dans les prochains jours et inform\u00e9s de la suite des \u00e9v\u00e9nements. <\/p>\n<p class=\"p3\">Cette soumission marque le d\u00e9but d&rsquo;une nouvelle phase dans la pr\u00e9paration \u00e0 la comp\u00e9tition internationale et offre aux jeunes talents la possibilit\u00e9 de se mesurer au niveau europ\u00e9en.<\/p>\n","protected":false},"featured_media":26615,"template":"","news-taxonomy":[224],"class_list":["post-26619","news","type-news","status-publish","has-post-thumbnail","hentry","news-taxonomy-europadelcup2026"],"acf":[],"_links":{"self":[{"href":"https:\/\/swisspadel.ch\/fr\/wp-json\/wp\/v2\/news\/26619","targetHints":{"allow":["GET"]}}],"collection":[{"href":"https:\/\/swisspadel.ch\/fr\/wp-json\/wp\/v2\/news"}],"about":[{"href":"https:\/\/swisspadel.ch\/fr\/wp-json\/wp\/v2\/types\/news"}],"wp:featuredmedia":[{"embeddable":true,"href":"https:\/\/swisspadel.ch\/fr\/wp-json\/wp\/v2\/media\/26615"}],"wp:attachment":[{"href":"https:\/\/swisspadel.ch\/fr\/wp-json\/wp\/v2\/media?parent=26619"}],"wp:term":[{"taxonomy":"news-taxonomy","embeddable":true,"href":"https:\/\/swisspadel.ch\/fr\/wp-json\/wp\/v2\/news-taxonomy?post=26619"}],"curies":[{"name":"wp","href":"https:\/\/api.w.org\/{rel}","templated":true}]}}