{"id":26672,"date":"2026-04-21T09:29:54","date_gmt":"2026-04-21T09:29:54","guid":{"rendered":"https:\/\/swisspadel.ch\/news\/swiss-national-championships-juniors-2026\/"},"modified":"2026-04-21T09:29:54","modified_gmt":"2026-04-21T09:29:54","slug":"swiss-national-championships-juniors-2026","status":"publish","type":"news","link":"https:\/\/swisspadel.ch\/fr\/news\/swiss-national-championships-juniors-2026\/","title":{"rendered":"Championnats nationaux suisses juniors 2026"},"content":{"rendered":"<p class=\"font-claude-response-body break-words whitespace-normal leading-[1.7]\">Nous avons le plaisir d&rsquo;annoncer les Swiss National Championships Juniors 2026 &#8211; la plus grande sc\u00e8ne du padel junior suisse. Les meilleurs jeunes talents de toute la Suisse s&rsquo;affronteront pour remporter le titre national. <\/p>\n<p class=\"font-claude-response-body break-words whitespace-normal leading-[1.7]\">Lieu : Racket City, Derendingen<\/p>\n<p class=\"font-claude-response-body break-words whitespace-normal leading-[1.7]\">Date : 31 octobre &#8211; 1er novembre 2026<\/p>\n<p class=\"font-claude-response-body break-words whitespace-normal leading-[1.7]\">Un grand merci \u00e0 nos sponsors HEAD et Certina Swiss Watches, qui rendent cet \u00e9v\u00e9nement possible.<\/p>\n<p class=\"font-claude-response-body break-words whitespace-normal leading-[1.7]\">Restez \u00e0 l&rsquo;\u00e9coute &#8211; d&rsquo;autres mises \u00e0 jour suivront prochainement.<\/p>\n","protected":false},"featured_media":26669,"template":"","news-taxonomy":[229,230],"class_list":["post-26672","news","type-news","status-publish","has-post-thumbnail","hentry","news-taxonomy-championnats-suisses","news-taxonomy-juniors"],"acf":[],"_links":{"self":[{"href":"https:\/\/swisspadel.ch\/fr\/wp-json\/wp\/v2\/news\/26672","targetHints":{"allow":["GET"]}}],"collection":[{"href":"https:\/\/swisspadel.ch\/fr\/wp-json\/wp\/v2\/news"}],"about":[{"href":"https:\/\/swisspadel.ch\/fr\/wp-json\/wp\/v2\/types\/news"}],"wp:featuredmedia":[{"embeddable":true,"href":"https:\/\/swisspadel.ch\/fr\/wp-json\/wp\/v2\/media\/26669"}],"wp:attachment":[{"href":"https:\/\/swisspadel.ch\/fr\/wp-json\/wp\/v2\/media?parent=26672"}],"wp:term":[{"taxonomy":"news-taxonomy","embeddable":true,"href":"https:\/\/swisspadel.ch\/fr\/wp-json\/wp\/v2\/news-taxonomy?post=26672"}],"curies":[{"name":"wp","href":"https:\/\/api.w.org\/{rel}","templated":true}]}}