{"id":24000,"date":"2024-07-21T13:49:00","date_gmt":"2024-07-21T13:49:00","guid":{"rendered":"https:\/\/swisspadel.ch\/news\/testtitel\/"},"modified":"2024-07-21T13:49:00","modified_gmt":"2024-07-21T13:49:00","slug":"testtitel","status":"publish","type":"news","link":"https:\/\/swisspadel.ch\/it\/news\/testtitel\/","title":{"rendered":"\u201cOisi Padel-Nati\u201d: oggi con Till Gygax"},"content":{"rendered":"<p><b><span data-contrast=\"none\">In una nuova serie, piccola e libera, presentiamo i giocatori delle nostre squadre nazionali. Oggi Till Gygax alias SkillTill, membro della CUPRA Swiss Padel Team e attualmente numero 1 in Svizzera nel singolo maschile. <\/span><\/b><span data-ccp-props=\"{\"> <\/span><\/p>\n<p><span data-contrast=\"auto\">Till gioca a padel da quasi 10 anni. \u00c8 cresciuto a Singapore e l\u00ec \u00e8 entrato in contatto con il padel. &#8220;In realt\u00e0 avevo una lezione di tennis, ma l&#8217;allenatore not\u00f2 la mia mancanza di impegno sul campo da tennis e mi sugger\u00ec di giocare a padel. Ho scoperto molto presto la mia grande passione per questo sport&#8221;.  <\/span><span data-ccp-props=\"{\"> <\/span><\/p>\n<p><span data-contrast=\"auto\">Il mancino destro Till fa parte della squadra nazionale svizzera, il CUPRA Swiss Padel Team, da cinque anni e gioca in competizioni con diversi partner, spesso con Ivan Lopez o Patrik N\u00e4f.<\/span><span data-ccp-props=\"{\"> <\/span><\/p>\n<p><span data-contrast=\"auto\">Cosa affascina di pi\u00f9 Till del padel? \u201cQuesto sport \u00e8 estremamente dinamico, multidimensionale con le pareti e fisicamente impegnativo. Una combinazione di lavoro di squadra, intelligenza tattica e abilit\u00e0 fisica porta al successo. Le partite sono di solito molto lunghe e molto interessanti da vedere\u201d. <\/span><\/p>\n<p><img fetchpriority=\"high\" decoding=\"async\" class=\"alignnone wp-image-14932 size-large\" src=\"https:\/\/swisspadel.ch\/wp-content\/uploads\/2024\/07\/swisspadel_nationalteam_till_gygax-1-683x1024.jpg\" alt=\"\" width=\"683\" height=\"1024\" srcset=\"https:\/\/swisspadel.ch\/wp-content\/uploads\/2024\/07\/swisspadel_nationalteam_till_gygax-1-683x1024.jpg 683w, https:\/\/swisspadel.ch\/wp-content\/uploads\/2024\/07\/swisspadel_nationalteam_till_gygax-1-200x300.jpg 200w, https:\/\/swisspadel.ch\/wp-content\/uploads\/2024\/07\/swisspadel_nationalteam_till_gygax-1-768x1151.jpg 768w, https:\/\/swisspadel.ch\/wp-content\/uploads\/2024\/07\/swisspadel_nationalteam_till_gygax-1-1025x1536.jpg 1025w, https:\/\/swisspadel.ch\/wp-content\/uploads\/2024\/07\/swisspadel_nationalteam_till_gygax-1-600x900.jpg 600w, https:\/\/swisspadel.ch\/wp-content\/uploads\/2024\/07\/swisspadel_nationalteam_till_gygax-1.jpg 1334w\" sizes=\"(max-width: 683px) 100vw, 683px\" \/><\/p>\n<p><span data-ccp-props=\"{\"> <\/span><\/p>\n<p><b><span data-contrast=\"auto\">Obiettivi sportivi e consigli per i principianti del padel<\/span><\/b><span data-ccp-props=\"{\"> <\/span><\/p>\n<p><span data-contrast=\"auto\">\u201cA partire dal 2024, andr\u00f2 a tutto gas per uno o due anni. Questo significa giocare a padel a livello professionale e allenarmi in Spagna ogni volta che potr\u00f2. Dopo questo periodo, rifletter\u00f2 ancora e poi continuer\u00f2 a fare il professionista o forse entrer\u00f2 nel mondo del professionismo tradizionale. Il mio obiettivo pi\u00f9 importante \u00e8 quello di arrivare tra i primi 200 al mondo!\u201d.   <\/span><\/p>\n<p><span data-contrast=\"auto\">E ha qualche consiglio da dare ai giocatori meno esperti? &#8220;Ai principianti consiglio di essere pazienti e di non andare sempre al sodo. \u00c8 meglio evitare gli errori e riconoscere subito i punti deboli dell&#8217;avversario, in modo da poterli usare come base per le proprie tattiche&#8221;.  <\/span><span data-ccp-props=\"{\"> <\/span><\/p>\n<p>Qui puoi trovare <a href=\"https:\/\/www.instagram.com\/skilltill_official\/\">SkillTill su Instagram<\/a>.<\/p>\n","protected":false},"featured_media":24002,"template":"","news-taxonomy":[127],"class_list":["post-24000","news","type-news","status-publish","has-post-thumbnail","hentry","news-taxonomy-squadra-nazionale"],"acf":[],"_links":{"self":[{"href":"https:\/\/swisspadel.ch\/it\/wp-json\/wp\/v2\/news\/24000","targetHints":{"allow":["GET"]}}],"collection":[{"href":"https:\/\/swisspadel.ch\/it\/wp-json\/wp\/v2\/news"}],"about":[{"href":"https:\/\/swisspadel.ch\/it\/wp-json\/wp\/v2\/types\/news"}],"wp:featuredmedia":[{"embeddable":true,"href":"https:\/\/swisspadel.ch\/it\/wp-json\/wp\/v2\/media\/24002"}],"wp:attachment":[{"href":"https:\/\/swisspadel.ch\/it\/wp-json\/wp\/v2\/media?parent=24000"}],"wp:term":[{"taxonomy":"news-taxonomy","embeddable":true,"href":"https:\/\/swisspadel.ch\/it\/wp-json\/wp\/v2\/news-taxonomy?post=24000"}],"curies":[{"name":"wp","href":"https:\/\/api.w.org\/{rel}","templated":true}]}}