{"id":24070,"date":"2025-02-24T21:55:14","date_gmt":"2025-02-24T21:55:14","guid":{"rendered":"https:\/\/swisspadel.ch\/news\/das-swiss-padel-office-bekommt-zuwachs\/"},"modified":"2025-06-27T07:24:45","modified_gmt":"2025-06-27T07:24:45","slug":"das-swiss-padel-office-bekommt-zuwachs","status":"publish","type":"news","link":"https:\/\/swisspadel.ch\/it\/news\/das-swiss-padel-office-bekommt-zuwachs\/","title":{"rendered":"Lo Swiss Padel Office sta crescendo"},"content":{"rendered":"<p class=\"p1\"><strong>Benvenuto a Patrick Breval, il nuovo volto dello Swiss Padel Office!<\/strong><b><\/b><\/p>\n<p class=\"p3\">Grazie alla sua pluriennale esperienza e alle sue conoscenze linguistiche, Patrick rafforza il nostro team e apporta preziose competenze.<\/p>\n<p class=\"p3\">Grazie al suo carico di lavoro del 50%, Swiss Padel pu\u00f2 ora offrire un punto di contatto telefonico: <span class=\"s1\"><b>078 480 05 98<\/b><\/span> (disponibile il luned\u00ec e il gioved\u00ec dalle 9.00 alle 13.00).<\/p>\n<p class=\"p3\">Patrick \u00e8 responsabile delle attivit\u00e0 amministrative dell&#8217;associazione, \u00e8 il primo punto di contatto per le richieste di informazioni e, come coordinatore dei tornei, si occupa degli eventi nella Svizzera tedesca.<\/p>\n<p class=\"p3\">L \u201cintero team di Swiss Padel gli d\u00e0 un caloroso benvenuto e non vede l\u201d ora di lavorare con lui!<\/p>\n","protected":false},"featured_media":24071,"template":"","news-taxonomy":[],"class_list":["post-24070","news","type-news","status-publish","has-post-thumbnail","hentry"],"acf":[],"_links":{"self":[{"href":"https:\/\/swisspadel.ch\/it\/wp-json\/wp\/v2\/news\/24070","targetHints":{"allow":["GET"]}}],"collection":[{"href":"https:\/\/swisspadel.ch\/it\/wp-json\/wp\/v2\/news"}],"about":[{"href":"https:\/\/swisspadel.ch\/it\/wp-json\/wp\/v2\/types\/news"}],"wp:featuredmedia":[{"embeddable":true,"href":"https:\/\/swisspadel.ch\/it\/wp-json\/wp\/v2\/media\/24071"}],"wp:attachment":[{"href":"https:\/\/swisspadel.ch\/it\/wp-json\/wp\/v2\/media?parent=24070"}],"wp:term":[{"taxonomy":"news-taxonomy","embeddable":true,"href":"https:\/\/swisspadel.ch\/it\/wp-json\/wp\/v2\/news-taxonomy?post=24070"}],"curies":[{"name":"wp","href":"https:\/\/api.w.org\/{rel}","templated":true}]}}